{"id":15795,"date":"2026-04-28T14:46:50","date_gmt":"2026-04-28T12:46:50","guid":{"rendered":"https:\/\/www.monopol-colors.ch\/?p=15795"},"modified":"2026-04-28T14:46:50","modified_gmt":"2026-04-28T12:46:50","slug":"reparation-professionnelle-de-facades-minimiser-les-traces-visibles","status":"publish","type":"post","link":"https:\/\/www.monopol-colors.ch\/fr\/reparation-professionnelle-de-facades-minimiser-les-traces-visibles\/","title":{"rendered":"R\u00e9paration professionnelle de fa\u00e7ades \u2013 minimiser les traces visibles"},"content":{"rendered":"<div class=\"wpb-content-wrapper\"><p>[vc_row][vc_column][vc_column_text css=\u00a0\u00bb\u00a0\u00bb]<\/p>\n<h1><strong>R\u00e9paration professionnelle de fa\u00e7ades \u2013 minimiser les traces visibles<\/strong><\/h1>\n<p>Un dommage de transport ici, une rayure de montage l\u00e0. Soudain, la fa\u00e7ade soigneusement rev\u00eatue n&rsquo;est plus sous son meilleur jour. Ce que beaucoup ignorent : avec le bon syst\u00e8me, de nombreux dommages peuvent \u00eatre r\u00e9par\u00e9s professionnellement et avec un minimum de traces visibles \u2013 \u00e0 condition de savoir ce qui compte.<\/p>\n<p>C&rsquo;est pr\u00e9cis\u00e9ment pour cela que nous avons d\u00e9velopp\u00e9 cette fiche technique.<\/p>\n<p><strong>Ce que vous y apprendrez<\/strong><\/p>\n<p>Le choix du bon syst\u00e8me de r\u00e9paration \u2013 qu&rsquo;il s&rsquo;agisse d&rsquo;un syst\u00e8me 2K, d&rsquo;une bombe a\u00e9rosol ou d&rsquo;une laque cuite au four \u2013 n&rsquo;est que la premi\u00e8re \u00e9tape. Ce qui est d\u00e9terminant, c&rsquo;est l&rsquo;interaction entre la pr\u00e9paration, les mat\u00e9riaux et l&rsquo;ex\u00e9cution. Notre fiche technique vous guide pas \u00e0 pas \u00e0 travers les facteurs cl\u00e9s :<\/p>\n<ul>\n<li><strong>Choix du syst\u00e8me :<\/strong> Quelle m\u00e9thode convient \u00e0 quelle situation \u2013 syst\u00e8me 2K, bombe a\u00e9rosol ou laque cuite au four ?<\/li>\n<li><strong>Pr\u00e9paration de surface :<\/strong> Pourquoi cette \u00e9tape d\u00e9termine le succ\u00e8s ou l&rsquo;\u00e9chec de toute la r\u00e9paration.<\/li>\n<li><strong>Laques m\u00e9tallis\u00e9es et \u00e0 effets :<\/strong> Ces surfaces pr\u00e9sentent des d\u00e9fis particuliers \u2013 une r\u00e9paration totalement invisible est rarement possible. La fiche technique explique ce qui est r\u00e9alistement r\u00e9alisable et \u00e0 quoi faire attention pour obtenir le meilleur r\u00e9sultat.<\/li>\n<li><strong>Conditions environnementales :<\/strong> Quels facteurs externes ne jamais n\u00e9gliger lors de chaque r\u00e9paration.<\/li>\n<\/ul>\n<p>L&rsquo;objectif est clair : une fa\u00e7ade qui pr\u00e9sente le meilleur aspect possible apr\u00e8s r\u00e9paration \u2013 gr\u00e2ce aux bonnes connaissances et \u00e0 la bonne technique.<\/p>\n<p><strong>\ud83d\udc49<\/strong><strong> T\u00e9l\u00e9charger la fiche technique maintenant<\/strong>[\/vc_column_text]<div class=\"wpb_pdf_column wpb_content_element small white\"><div class=\"wpb_wrapper\"><a href=\"https:\/\/www.monopol-colors.ch\/wp-content\/uploads\/202601_Reparation-et-Retouches.pdf\" target=\"_blank\">Petites rayures, grand impact (PDF)<\/a><\/div><\/div>[\/vc_column][\/vc_row]<\/p>\n<\/div>","protected":false},"excerpt":{"rendered":"<p>[vc_row][vc_column][vc_column_text css=\u00a0\u00bb\u00a0\u00bb] R\u00e9paration professionnelle de fa\u00e7ades \u2013 minimiser les traces visibles Un dommage de transport ici, une rayure de montage l\u00e0. Soudain, la fa\u00e7ade soigneusement rev\u00eatue n&rsquo;est plus sous son meilleur jour. Ce que beaucoup ignorent : avec le bon syst\u00e8me, de nombreux dommages peuvent \u00eatre r\u00e9par\u00e9s professionnellement et avec un minimum de traces visibles [&hellip;]<\/p>\n","protected":false},"author":21,"featured_media":0,"comment_status":"closed","ping_status":"closed","sticky":false,"template":"","format":"standard","meta":{"_acf_changed":false,"footnotes":""},"categories":[11],"tags":[],"class_list":["post-15795","post","type-post","status-publish","format-standard","hentry","category-non-classifie"],"acf":[],"yoast_head":"<!-- This site is optimized with the Yoast SEO plugin v27.1.1 - https:\/\/yoast.com\/product\/yoast-seo-wordpress\/ -->\n<title>R\u00e9paration professionnelle de fa\u00e7ades \u2013 minimiser les traces visibles | Monopol Colors<\/title>\n<meta name=\"robots\" content=\"index, follow, max-snippet:-1, max-image-preview:large, max-video-preview:-1\" \/>\n<link rel=\"canonical\" href=\"https:\/\/www.monopol-colors.ch\/fr\/reparation-professionnelle-de-facades-minimiser-les-traces-visibles\/\" \/>\n<meta property=\"og:locale\" content=\"fr_FR\" \/>\n<meta property=\"og:type\" content=\"article\" \/>\n<meta property=\"og:title\" content=\"R\u00e9paration professionnelle de fa\u00e7ades \u2013 minimiser les traces visibles | Monopol Colors\" \/>\n<meta property=\"og:description\" content=\"[vc_row][vc_column][vc_column_text css=\u00a0\u00bb\u00a0\u00bb] R\u00e9paration professionnelle de fa\u00e7ades \u2013 minimiser les traces visibles Un dommage de transport ici, une rayure de montage l\u00e0. Soudain, la fa\u00e7ade soigneusement rev\u00eatue n&rsquo;est plus sous son meilleur jour. Ce que beaucoup ignorent : avec le bon syst\u00e8me, de nombreux dommages peuvent \u00eatre r\u00e9par\u00e9s professionnellement et avec un minimum de traces visibles [&hellip;]\" \/>\n<meta property=\"og:url\" content=\"https:\/\/www.monopol-colors.ch\/fr\/reparation-professionnelle-de-facades-minimiser-les-traces-visibles\/\" \/>\n<meta property=\"og:site_name\" content=\"Monopol Colors\" \/>\n<meta property=\"article:published_time\" content=\"2026-04-28T12:46:50+00:00\" \/>\n<meta name=\"author\" content=\"bamert\" \/>\n<meta name=\"twitter:card\" content=\"summary_large_image\" \/>\n<meta name=\"twitter:label1\" content=\"\u00c9crit par\" \/>\n\t<meta name=\"twitter:data1\" content=\"bamert\" \/>\n\t<meta name=\"twitter:label2\" content=\"Dur\u00e9e de lecture estim\u00e9e\" \/>\n\t<meta name=\"twitter:data2\" content=\"2 minutes\" \/>\n<script type=\"application\/ld+json\" class=\"yoast-schema-graph\">{\"@context\":\"https:\/\/schema.org\",\"@graph\":[{\"@type\":\"Article\",\"@id\":\"https:\/\/www.monopol-colors.ch\/fr\/reparation-professionnelle-de-facades-minimiser-les-traces-visibles\/#article\",\"isPartOf\":{\"@id\":\"https:\/\/www.monopol-colors.ch\/fr\/reparation-professionnelle-de-facades-minimiser-les-traces-visibles\/\"},\"author\":{\"name\":\"bamert\",\"@id\":\"https:\/\/www.monopol-colors.ch\/de\/#\/schema\/person\/8679d2bc92496ed134fe4f089ee8c021\"},\"headline\":\"R\u00e9paration professionnelle de fa\u00e7ades \u2013 minimiser les traces visibles\",\"datePublished\":\"2026-04-28T12:46:50+00:00\",\"mainEntityOfPage\":{\"@id\":\"https:\/\/www.monopol-colors.ch\/fr\/reparation-professionnelle-de-facades-minimiser-les-traces-visibles\/\"},\"wordCount\":325,\"articleSection\":[\"Non classifi\u00e9(e)\"],\"inLanguage\":\"fr-FR\"},{\"@type\":\"WebPage\",\"@id\":\"https:\/\/www.monopol-colors.ch\/fr\/reparation-professionnelle-de-facades-minimiser-les-traces-visibles\/\",\"url\":\"https:\/\/www.monopol-colors.ch\/fr\/reparation-professionnelle-de-facades-minimiser-les-traces-visibles\/\",\"name\":\"R\u00e9paration professionnelle de fa\u00e7ades \u2013 minimiser les traces visibles | Monopol Colors\",\"isPartOf\":{\"@id\":\"https:\/\/www.monopol-colors.ch\/de\/#website\"},\"datePublished\":\"2026-04-28T12:46:50+00:00\",\"author\":{\"@id\":\"https:\/\/www.monopol-colors.ch\/de\/#\/schema\/person\/8679d2bc92496ed134fe4f089ee8c021\"},\"breadcrumb\":{\"@id\":\"https:\/\/www.monopol-colors.ch\/fr\/reparation-professionnelle-de-facades-minimiser-les-traces-visibles\/#breadcrumb\"},\"inLanguage\":\"fr-FR\",\"potentialAction\":[{\"@type\":\"ReadAction\",\"target\":[\"https:\/\/www.monopol-colors.ch\/fr\/reparation-professionnelle-de-facades-minimiser-les-traces-visibles\/\"]}]},{\"@type\":\"BreadcrumbList\",\"@id\":\"https:\/\/www.monopol-colors.ch\/fr\/reparation-professionnelle-de-facades-minimiser-les-traces-visibles\/#breadcrumb\",\"itemListElement\":[{\"@type\":\"ListItem\",\"position\":1,\"name\":\"Home\",\"item\":\"https:\/\/www.monopol-colors.ch\/fr\/\"},{\"@type\":\"ListItem\",\"position\":2,\"name\":\"R\u00e9paration professionnelle de fa\u00e7ades \u2013 minimiser les traces visibles\"}]},{\"@type\":\"WebSite\",\"@id\":\"https:\/\/www.monopol-colors.ch\/de\/#website\",\"url\":\"https:\/\/www.monopol-colors.ch\/de\/\",\"name\":\"Monopol Colors\",\"description\":\"\",\"potentialAction\":[{\"@type\":\"SearchAction\",\"target\":{\"@type\":\"EntryPoint\",\"urlTemplate\":\"https:\/\/www.monopol-colors.ch\/de\/?s={search_term_string}\"},\"query-input\":{\"@type\":\"PropertyValueSpecification\",\"valueRequired\":true,\"valueName\":\"search_term_string\"}}],\"inLanguage\":\"fr-FR\"},{\"@type\":\"Person\",\"@id\":\"https:\/\/www.monopol-colors.ch\/de\/#\/schema\/person\/8679d2bc92496ed134fe4f089ee8c021\",\"name\":\"bamert\",\"image\":{\"@type\":\"ImageObject\",\"inLanguage\":\"fr-FR\",\"@id\":\"https:\/\/www.monopol-colors.ch\/de\/#\/schema\/person\/image\/\",\"url\":\"https:\/\/secure.gravatar.com\/avatar\/7a36c7b8b344a6262b9deb630e64fcc431e18188f068295eee234811acec17b8?s=96&d=mm&r=g\",\"contentUrl\":\"https:\/\/secure.gravatar.com\/avatar\/7a36c7b8b344a6262b9deb630e64fcc431e18188f068295eee234811acec17b8?s=96&d=mm&r=g\",\"caption\":\"bamert\"}}]}<\/script>\n<!-- \/ Yoast SEO plugin. -->","yoast_head_json":{"title":"R\u00e9paration professionnelle de fa\u00e7ades \u2013 minimiser les traces visibles | Monopol Colors","robots":{"index":"index","follow":"follow","max-snippet":"max-snippet:-1","max-image-preview":"max-image-preview:large","max-video-preview":"max-video-preview:-1"},"canonical":"https:\/\/www.monopol-colors.ch\/fr\/reparation-professionnelle-de-facades-minimiser-les-traces-visibles\/","og_locale":"fr_FR","og_type":"article","og_title":"R\u00e9paration professionnelle de fa\u00e7ades \u2013 minimiser les traces visibles | Monopol Colors","og_description":"[vc_row][vc_column][vc_column_text css=\u00a0\u00bb\u00a0\u00bb] R\u00e9paration professionnelle de fa\u00e7ades \u2013 minimiser les traces visibles Un dommage de transport ici, une rayure de montage l\u00e0. Soudain, la fa\u00e7ade soigneusement rev\u00eatue n&rsquo;est plus sous son meilleur jour. Ce que beaucoup ignorent : avec le bon syst\u00e8me, de nombreux dommages peuvent \u00eatre r\u00e9par\u00e9s professionnellement et avec un minimum de traces visibles [&hellip;]","og_url":"https:\/\/www.monopol-colors.ch\/fr\/reparation-professionnelle-de-facades-minimiser-les-traces-visibles\/","og_site_name":"Monopol Colors","article_published_time":"2026-04-28T12:46:50+00:00","author":"bamert","twitter_card":"summary_large_image","twitter_misc":{"\u00c9crit par":"bamert","Dur\u00e9e de lecture estim\u00e9e":"2 minutes"},"schema":{"@context":"https:\/\/schema.org","@graph":[{"@type":"Article","@id":"https:\/\/www.monopol-colors.ch\/fr\/reparation-professionnelle-de-facades-minimiser-les-traces-visibles\/#article","isPartOf":{"@id":"https:\/\/www.monopol-colors.ch\/fr\/reparation-professionnelle-de-facades-minimiser-les-traces-visibles\/"},"author":{"name":"bamert","@id":"https:\/\/www.monopol-colors.ch\/de\/#\/schema\/person\/8679d2bc92496ed134fe4f089ee8c021"},"headline":"R\u00e9paration professionnelle de fa\u00e7ades \u2013 minimiser les traces visibles","datePublished":"2026-04-28T12:46:50+00:00","mainEntityOfPage":{"@id":"https:\/\/www.monopol-colors.ch\/fr\/reparation-professionnelle-de-facades-minimiser-les-traces-visibles\/"},"wordCount":325,"articleSection":["Non classifi\u00e9(e)"],"inLanguage":"fr-FR"},{"@type":"WebPage","@id":"https:\/\/www.monopol-colors.ch\/fr\/reparation-professionnelle-de-facades-minimiser-les-traces-visibles\/","url":"https:\/\/www.monopol-colors.ch\/fr\/reparation-professionnelle-de-facades-minimiser-les-traces-visibles\/","name":"R\u00e9paration professionnelle de fa\u00e7ades \u2013 minimiser les traces visibles | Monopol Colors","isPartOf":{"@id":"https:\/\/www.monopol-colors.ch\/de\/#website"},"datePublished":"2026-04-28T12:46:50+00:00","author":{"@id":"https:\/\/www.monopol-colors.ch\/de\/#\/schema\/person\/8679d2bc92496ed134fe4f089ee8c021"},"breadcrumb":{"@id":"https:\/\/www.monopol-colors.ch\/fr\/reparation-professionnelle-de-facades-minimiser-les-traces-visibles\/#breadcrumb"},"inLanguage":"fr-FR","potentialAction":[{"@type":"ReadAction","target":["https:\/\/www.monopol-colors.ch\/fr\/reparation-professionnelle-de-facades-minimiser-les-traces-visibles\/"]}]},{"@type":"BreadcrumbList","@id":"https:\/\/www.monopol-colors.ch\/fr\/reparation-professionnelle-de-facades-minimiser-les-traces-visibles\/#breadcrumb","itemListElement":[{"@type":"ListItem","position":1,"name":"Home","item":"https:\/\/www.monopol-colors.ch\/fr\/"},{"@type":"ListItem","position":2,"name":"R\u00e9paration professionnelle de fa\u00e7ades \u2013 minimiser les traces visibles"}]},{"@type":"WebSite","@id":"https:\/\/www.monopol-colors.ch\/de\/#website","url":"https:\/\/www.monopol-colors.ch\/de\/","name":"Monopol Colors","description":"","potentialAction":[{"@type":"SearchAction","target":{"@type":"EntryPoint","urlTemplate":"https:\/\/www.monopol-colors.ch\/de\/?s={search_term_string}"},"query-input":{"@type":"PropertyValueSpecification","valueRequired":true,"valueName":"search_term_string"}}],"inLanguage":"fr-FR"},{"@type":"Person","@id":"https:\/\/www.monopol-colors.ch\/de\/#\/schema\/person\/8679d2bc92496ed134fe4f089ee8c021","name":"bamert","image":{"@type":"ImageObject","inLanguage":"fr-FR","@id":"https:\/\/www.monopol-colors.ch\/de\/#\/schema\/person\/image\/","url":"https:\/\/secure.gravatar.com\/avatar\/7a36c7b8b344a6262b9deb630e64fcc431e18188f068295eee234811acec17b8?s=96&d=mm&r=g","contentUrl":"https:\/\/secure.gravatar.com\/avatar\/7a36c7b8b344a6262b9deb630e64fcc431e18188f068295eee234811acec17b8?s=96&d=mm&r=g","caption":"bamert"}}]}},"_links":{"self":[{"href":"https:\/\/www.monopol-colors.ch\/fr\/wp-json\/wp\/v2\/posts\/15795","targetHints":{"allow":["GET"]}}],"collection":[{"href":"https:\/\/www.monopol-colors.ch\/fr\/wp-json\/wp\/v2\/posts"}],"about":[{"href":"https:\/\/www.monopol-colors.ch\/fr\/wp-json\/wp\/v2\/types\/post"}],"author":[{"embeddable":true,"href":"https:\/\/www.monopol-colors.ch\/fr\/wp-json\/wp\/v2\/users\/21"}],"replies":[{"embeddable":true,"href":"https:\/\/www.monopol-colors.ch\/fr\/wp-json\/wp\/v2\/comments?post=15795"}],"version-history":[{"count":6,"href":"https:\/\/www.monopol-colors.ch\/fr\/wp-json\/wp\/v2\/posts\/15795\/revisions"}],"predecessor-version":[{"id":15956,"href":"https:\/\/www.monopol-colors.ch\/fr\/wp-json\/wp\/v2\/posts\/15795\/revisions\/15956"}],"wp:attachment":[{"href":"https:\/\/www.monopol-colors.ch\/fr\/wp-json\/wp\/v2\/media?parent=15795"}],"wp:term":[{"taxonomy":"category","embeddable":true,"href":"https:\/\/www.monopol-colors.ch\/fr\/wp-json\/wp\/v2\/categories?post=15795"},{"taxonomy":"post_tag","embeddable":true,"href":"https:\/\/www.monopol-colors.ch\/fr\/wp-json\/wp\/v2\/tags?post=15795"}],"curies":[{"name":"wp","href":"https:\/\/api.w.org\/{rel}","templated":true}]}}